{"id":636,"date":"2020-04-20T10:39:52","date_gmt":"2020-04-20T08:39:52","guid":{"rendered":"https:\/\/www.video-school.fr\/?p=636"},"modified":"2020-04-20T10:39:53","modified_gmt":"2020-04-20T08:39:53","slug":"confinement-comment-une-entreprise-privee-et-une-collectivite-publique-adaptent-elles-leur-communication-feat-berger-levrault-et-leurometropole-de-strasbourg","status":"publish","type":"post","link":"https:\/\/www.video-school.fr\/index.php\/2020\/04\/20\/confinement-comment-une-entreprise-privee-et-une-collectivite-publique-adaptent-elles-leur-communication-feat-berger-levrault-et-leurometropole-de-strasbourg\/","title":{"rendered":"Confinement : Comment une entreprise priv\u00e9e et une collectivit\u00e9 publique adaptent-elles leur communication ? Feat Berger Levrault et l&rsquo;Eurom\u00e9tropole de Strasbourg"},"content":{"rendered":"\n<p>Nous avons eu le plaisir d&rsquo;animer une table ronde lors de notre derni\u00e8re \u00e9mission du <a href=\"https:\/\/www.video-school.fr\/index.php\/2020\/04\/14\/communication-europa-park\/\">Cyber Caf\u00e9<\/a> pour comprendre comment une entreprise priv\u00e9e et une collectivit\u00e9 publique adaptent leur communication pendant cette p\u00e9riode de confinement.<\/p>\n\n\n\n<p>Pour t\u00e9moigner nous avons re\u00e7u Maryse Penen, directrice communication chez <a href=\"https:\/\/www.berger-levrault.com\/fr\/\">Berger Levrault<\/a>, et Pierre Bergmiller, responsable communication num\u00e9rique \u00e0 l&rsquo;Eurom\u00e9tropole de Strasbourg.<\/p>\n\n\n\n<p>Nous avons \u00e9chang\u00e9 sur les actions mises en place que ce soit en communication interne et externe, les outils utilis\u00e9s et les tendances \u00e0 suivre.<\/p>\n\n\n\n<h4>Retrouvez la rediffusion du live en vid\u00e9o : <\/h4>\n\n\n\n<figure class=\"wp-block-embed-youtube wp-block-embed is-type-video is-provider-youtube wp-embed-aspect-16-9 wp-has-aspect-ratio\"><div class=\"wp-block-embed__wrapper\">\n<div class='embed-container'><iframe loading=\"lazy\" title=\"Cyber Caf\u00e9 #4 : \u201cComment une entreprise et une collectivit\u00e9 adaptent-elles leur communication ?\u201d\" width=\"1920\" height=\"1080\" src=\"https:\/\/www.youtube.com\/embed\/YRm1wnUovIU?feature=oembed\" frameborder=\"0\" allow=\"accelerometer; autoplay; encrypted-media; gyroscope; picture-in-picture\" allowfullscreen><\/iframe><\/div>\n<\/div><\/figure>\n\n\n\n<h4>Ou en podcast :<\/h4>\n\n\n\n<figure class=\"wp-block-audio\"><audio controls src=\"https:\/\/www.video-school.fr\/wp-content\/uploads\/2020\/04\/cyber-cafe-4-podcast.mp3\"><\/audio><figcaption>Cyber Caf\u00e9 #4 &#8211; Podcast<\/figcaption><\/figure>\n\n\n\n<p>N\u2019h\u00e9sitez pas \u00e0 vous inscrire pour la prochaine \u00e9mission -> <a rel=\"noreferrer noopener\" target=\"_blank\" href=\"https:\/\/attendee.gotowebinar.com\/register\/8977377607117803531\">https:\/\/attendee.gotowebinar.com\/register\/8977377607117803531<\/a><\/p>\n\n\n\n<figure class=\"wp-block-image size-large is-resized\"><a href=\"https:\/\/attendee.gotowebinar.com\/register\/8977377607117803531\"><img loading=\"lazy\" src=\"https:\/\/www.video-school.fr\/wp-content\/uploads\/2020\/04\/Annonce-Nicolas-Pelletier-1024x458.png\" alt=\"\" class=\"wp-image-637\" width=\"591\" height=\"264\" srcset=\"https:\/\/www.video-school.fr\/wp-content\/uploads\/2020\/04\/Annonce-Nicolas-Pelletier-1024x458.png 1024w, https:\/\/www.video-school.fr\/wp-content\/uploads\/2020\/04\/Annonce-Nicolas-Pelletier-300x134.png 300w, https:\/\/www.video-school.fr\/wp-content\/uploads\/2020\/04\/Annonce-Nicolas-Pelletier-768x343.png 768w, https:\/\/www.video-school.fr\/wp-content\/uploads\/2020\/04\/Annonce-Nicolas-Pelletier-1536x687.png 1536w, https:\/\/www.video-school.fr\/wp-content\/uploads\/2020\/04\/Annonce-Nicolas-Pelletier-2048x916.png 2048w, https:\/\/www.video-school.fr\/wp-content\/uploads\/2020\/04\/Annonce-Nicolas-Pelletier-1920x859.png 1920w\" sizes=\"(max-width: 591px) 100vw, 591px\" \/><\/a><figcaption>Cyber Caf\u00e9 #5 : Trucs, d\u00e9mos et astuces&#8230; Comment bien filmer avec son smartphone ? <\/figcaption><\/figure>\n\n\n\n<p><\/p>\n\n\n\n<p>Bonne \u00e9coute \/ bon visionnage et \u00e0 bient\u00f4t pour prendre un caf\u00e9 avec vous !<\/p>\n","protected":false},"excerpt":{"rendered":"<p>Nous avons eu le plaisir d&rsquo;animer une table ronde lors de notre derni\u00e8re \u00e9mission du Cyber Caf\u00e9 pour comprendre comment une entreprise priv\u00e9e et une collectivit\u00e9 publique adaptent leur communication pendant cette p\u00e9riode de confinement. Pour t\u00e9moigner nous avons re\u00e7u Maryse Penen, directrice communication chez Berger Levrault, et Pierre Bergmiller, responsable communication num\u00e9rique \u00e0 l&rsquo;Eurom\u00e9tropole&hellip; <br \/> <a class=\"read-more\" href=\"https:\/\/www.video-school.fr\/index.php\/2020\/04\/20\/confinement-comment-une-entreprise-privee-et-une-collectivite-publique-adaptent-elles-leur-communication-feat-berger-levrault-et-leurometropole-de-strasbourg\/\">Lire la suite<\/a><\/p>\n","protected":false},"author":2,"featured_media":640,"comment_status":"open","ping_status":"open","sticky":false,"template":"","format":"standard","meta":{"_monsterinsights_skip_tracking":false,"_monsterinsights_sitenote_active":false,"_monsterinsights_sitenote_note":"","_monsterinsights_sitenote_category":0},"categories":[3],"tags":[],"yoast_head":"<!-- This site is optimized with the Yoast SEO plugin v18.8 - https:\/\/yoast.com\/wordpress\/plugins\/seo\/ -->\n<title>Comment une entreprise et une collectivit\u00e9 adaptent leur communication ?<\/title>\n<meta name=\"description\" content=\"Nous avons voulu comprendre comment une entreprise priv\u00e9e et une collectivit\u00e9 publique adaptent leur communication pendant cette p\u00e9riode de confinement.\" \/>\n<meta name=\"robots\" content=\"index, follow, max-snippet:-1, max-image-preview:large, max-video-preview:-1\" \/>\n<link rel=\"canonical\" href=\"https:\/\/www.video-school.fr\/index.php\/2020\/04\/20\/confinement-comment-une-entreprise-privee-et-une-collectivite-publique-adaptent-elles-leur-communication-feat-berger-levrault-et-leurometropole-de-strasbourg\/\" \/>\n<meta property=\"og:locale\" content=\"fr_FR\" \/>\n<meta property=\"og:type\" content=\"article\" \/>\n<meta property=\"og:title\" content=\"Comment une entreprise et une collectivit\u00e9 adaptent leur communication ?\" \/>\n<meta property=\"og:description\" content=\"Nous avons voulu comprendre comment une entreprise priv\u00e9e et une collectivit\u00e9 publique adaptent leur communication pendant cette p\u00e9riode de confinement.\" \/>\n<meta property=\"og:url\" content=\"https:\/\/www.video-school.fr\/index.php\/2020\/04\/20\/confinement-comment-une-entreprise-privee-et-une-collectivite-publique-adaptent-elles-leur-communication-feat-berger-levrault-et-leurometropole-de-strasbourg\/\" \/>\n<meta property=\"og:site_name\" content=\"Vid\u00e9o School\" \/>\n<meta property=\"article:published_time\" content=\"2020-04-20T08:39:52+00:00\" \/>\n<meta property=\"article:modified_time\" content=\"2020-04-20T08:39:53+00:00\" \/>\n<meta property=\"og:image\" content=\"https:\/\/www.video-school.fr\/wp-content\/uploads\/2020\/04\/photo-1517245386807-bb43f82c33c4-scaled.jpeg\" \/>\n\t<meta property=\"og:image:width\" content=\"2560\" \/>\n\t<meta property=\"og:image:height\" content=\"1707\" \/>\n\t<meta property=\"og:image:type\" content=\"image\/jpeg\" \/>\n<meta name=\"twitter:card\" content=\"summary_large_image\" \/>\n<meta name=\"twitter:label1\" content=\"\u00c9crit par\" \/>\n\t<meta name=\"twitter:data1\" content=\"Thomas Mongin\" \/>\n\t<meta name=\"twitter:label2\" content=\"Dur\u00e9e de lecture estim\u00e9e\" \/>\n\t<meta name=\"twitter:data2\" content=\"1 minute\" \/>\n<script type=\"application\/ld+json\" class=\"yoast-schema-graph\">{\"@context\":\"https:\/\/schema.org\",\"@graph\":[{\"@type\":\"WebSite\",\"@id\":\"https:\/\/www.video-school.fr\/#website\",\"url\":\"https:\/\/www.video-school.fr\/\",\"name\":\"Vid\u00e9o School\",\"description\":\"Vid\u00e9o School R\u00e9alisez des vid\u00e9os de qualit\u00e9 professionnelle en totale autonomie ! Formation agr\u00e9\u00e9e pour les entreprises avec CCI CAMPUS Alsace\",\"potentialAction\":[{\"@type\":\"SearchAction\",\"target\":{\"@type\":\"EntryPoint\",\"urlTemplate\":\"https:\/\/www.video-school.fr\/?s={search_term_string}\"},\"query-input\":\"required name=search_term_string\"}],\"inLanguage\":\"fr-FR\"},{\"@type\":\"ImageObject\",\"inLanguage\":\"fr-FR\",\"@id\":\"https:\/\/www.video-school.fr\/index.php\/2020\/04\/20\/confinement-comment-une-entreprise-privee-et-une-collectivite-publique-adaptent-elles-leur-communication-feat-berger-levrault-et-leurometropole-de-strasbourg\/#primaryimage\",\"url\":\"https:\/\/www.video-school.fr\/wp-content\/uploads\/2020\/04\/photo-1517245386807-bb43f82c33c4-scaled.jpeg\",\"contentUrl\":\"https:\/\/www.video-school.fr\/wp-content\/uploads\/2020\/04\/photo-1517245386807-bb43f82c33c4-scaled.jpeg\",\"width\":2560,\"height\":1707},{\"@type\":\"WebPage\",\"@id\":\"https:\/\/www.video-school.fr\/index.php\/2020\/04\/20\/confinement-comment-une-entreprise-privee-et-une-collectivite-publique-adaptent-elles-leur-communication-feat-berger-levrault-et-leurometropole-de-strasbourg\/#webpage\",\"url\":\"https:\/\/www.video-school.fr\/index.php\/2020\/04\/20\/confinement-comment-une-entreprise-privee-et-une-collectivite-publique-adaptent-elles-leur-communication-feat-berger-levrault-et-leurometropole-de-strasbourg\/\",\"name\":\"Comment une entreprise et une collectivit\u00e9 adaptent leur communication ?\",\"isPartOf\":{\"@id\":\"https:\/\/www.video-school.fr\/#website\"},\"primaryImageOfPage\":{\"@id\":\"https:\/\/www.video-school.fr\/index.php\/2020\/04\/20\/confinement-comment-une-entreprise-privee-et-une-collectivite-publique-adaptent-elles-leur-communication-feat-berger-levrault-et-leurometropole-de-strasbourg\/#primaryimage\"},\"datePublished\":\"2020-04-20T08:39:52+00:00\",\"dateModified\":\"2020-04-20T08:39:53+00:00\",\"author\":{\"@id\":\"https:\/\/www.video-school.fr\/#\/schema\/person\/95a476ae68e2cc0da558861148a8927a\"},\"description\":\"Nous avons voulu comprendre comment une entreprise priv\u00e9e et une collectivit\u00e9 publique adaptent leur communication pendant cette p\u00e9riode de confinement.\",\"breadcrumb\":{\"@id\":\"https:\/\/www.video-school.fr\/index.php\/2020\/04\/20\/confinement-comment-une-entreprise-privee-et-une-collectivite-publique-adaptent-elles-leur-communication-feat-berger-levrault-et-leurometropole-de-strasbourg\/#breadcrumb\"},\"inLanguage\":\"fr-FR\",\"potentialAction\":[{\"@type\":\"ReadAction\",\"target\":[\"https:\/\/www.video-school.fr\/index.php\/2020\/04\/20\/confinement-comment-une-entreprise-privee-et-une-collectivite-publique-adaptent-elles-leur-communication-feat-berger-levrault-et-leurometropole-de-strasbourg\/\"]}]},{\"@type\":\"BreadcrumbList\",\"@id\":\"https:\/\/www.video-school.fr\/index.php\/2020\/04\/20\/confinement-comment-une-entreprise-privee-et-une-collectivite-publique-adaptent-elles-leur-communication-feat-berger-levrault-et-leurometropole-de-strasbourg\/#breadcrumb\",\"itemListElement\":[{\"@type\":\"ListItem\",\"position\":1,\"name\":\"Accueil\",\"item\":\"https:\/\/www.video-school.fr\/\"},{\"@type\":\"ListItem\",\"position\":2,\"name\":\"Confinement : Comment une entreprise priv\u00e9e et une collectivit\u00e9 publique adaptent-elles leur communication ? Feat Berger Levrault et l&rsquo;Eurom\u00e9tropole de Strasbourg\"}]},{\"@type\":\"Person\",\"@id\":\"https:\/\/www.video-school.fr\/#\/schema\/person\/95a476ae68e2cc0da558861148a8927a\",\"name\":\"Thomas Mongin\",\"image\":{\"@type\":\"ImageObject\",\"inLanguage\":\"fr-FR\",\"@id\":\"https:\/\/www.video-school.fr\/#\/schema\/person\/image\/\",\"url\":\"https:\/\/secure.gravatar.com\/avatar\/98ed55900d43b0beece8cb3636ceba5a?s=96&d=mm&r=g\",\"contentUrl\":\"https:\/\/secure.gravatar.com\/avatar\/98ed55900d43b0beece8cb3636ceba5a?s=96&d=mm&r=g\",\"caption\":\"Thomas Mongin\"},\"url\":\"https:\/\/www.video-school.fr\/index.php\/author\/tmongin\/\"}]}<\/script>\n<!-- \/ Yoast SEO plugin. -->","yoast_head_json":{"title":"Comment une entreprise et une collectivit\u00e9 adaptent leur communication ?","description":"Nous avons voulu comprendre comment une entreprise priv\u00e9e et une collectivit\u00e9 publique adaptent leur communication pendant cette p\u00e9riode de confinement.","robots":{"index":"index","follow":"follow","max-snippet":"max-snippet:-1","max-image-preview":"max-image-preview:large","max-video-preview":"max-video-preview:-1"},"canonical":"https:\/\/www.video-school.fr\/index.php\/2020\/04\/20\/confinement-comment-une-entreprise-privee-et-une-collectivite-publique-adaptent-elles-leur-communication-feat-berger-levrault-et-leurometropole-de-strasbourg\/","og_locale":"fr_FR","og_type":"article","og_title":"Comment une entreprise et une collectivit\u00e9 adaptent leur communication ?","og_description":"Nous avons voulu comprendre comment une entreprise priv\u00e9e et une collectivit\u00e9 publique adaptent leur communication pendant cette p\u00e9riode de confinement.","og_url":"https:\/\/www.video-school.fr\/index.php\/2020\/04\/20\/confinement-comment-une-entreprise-privee-et-une-collectivite-publique-adaptent-elles-leur-communication-feat-berger-levrault-et-leurometropole-de-strasbourg\/","og_site_name":"Vid\u00e9o School","article_published_time":"2020-04-20T08:39:52+00:00","article_modified_time":"2020-04-20T08:39:53+00:00","og_image":[{"width":2560,"height":1707,"url":"https:\/\/www.video-school.fr\/wp-content\/uploads\/2020\/04\/photo-1517245386807-bb43f82c33c4-scaled.jpeg","type":"image\/jpeg"}],"twitter_card":"summary_large_image","twitter_misc":{"\u00c9crit par":"Thomas Mongin","Dur\u00e9e de lecture estim\u00e9e":"1 minute"},"schema":{"@context":"https:\/\/schema.org","@graph":[{"@type":"WebSite","@id":"https:\/\/www.video-school.fr\/#website","url":"https:\/\/www.video-school.fr\/","name":"Vid\u00e9o School","description":"Vid\u00e9o School R\u00e9alisez des vid\u00e9os de qualit\u00e9 professionnelle en totale autonomie ! Formation agr\u00e9\u00e9e pour les entreprises avec CCI CAMPUS Alsace","potentialAction":[{"@type":"SearchAction","target":{"@type":"EntryPoint","urlTemplate":"https:\/\/www.video-school.fr\/?s={search_term_string}"},"query-input":"required name=search_term_string"}],"inLanguage":"fr-FR"},{"@type":"ImageObject","inLanguage":"fr-FR","@id":"https:\/\/www.video-school.fr\/index.php\/2020\/04\/20\/confinement-comment-une-entreprise-privee-et-une-collectivite-publique-adaptent-elles-leur-communication-feat-berger-levrault-et-leurometropole-de-strasbourg\/#primaryimage","url":"https:\/\/www.video-school.fr\/wp-content\/uploads\/2020\/04\/photo-1517245386807-bb43f82c33c4-scaled.jpeg","contentUrl":"https:\/\/www.video-school.fr\/wp-content\/uploads\/2020\/04\/photo-1517245386807-bb43f82c33c4-scaled.jpeg","width":2560,"height":1707},{"@type":"WebPage","@id":"https:\/\/www.video-school.fr\/index.php\/2020\/04\/20\/confinement-comment-une-entreprise-privee-et-une-collectivite-publique-adaptent-elles-leur-communication-feat-berger-levrault-et-leurometropole-de-strasbourg\/#webpage","url":"https:\/\/www.video-school.fr\/index.php\/2020\/04\/20\/confinement-comment-une-entreprise-privee-et-une-collectivite-publique-adaptent-elles-leur-communication-feat-berger-levrault-et-leurometropole-de-strasbourg\/","name":"Comment une entreprise et une collectivit\u00e9 adaptent leur communication ?","isPartOf":{"@id":"https:\/\/www.video-school.fr\/#website"},"primaryImageOfPage":{"@id":"https:\/\/www.video-school.fr\/index.php\/2020\/04\/20\/confinement-comment-une-entreprise-privee-et-une-collectivite-publique-adaptent-elles-leur-communication-feat-berger-levrault-et-leurometropole-de-strasbourg\/#primaryimage"},"datePublished":"2020-04-20T08:39:52+00:00","dateModified":"2020-04-20T08:39:53+00:00","author":{"@id":"https:\/\/www.video-school.fr\/#\/schema\/person\/95a476ae68e2cc0da558861148a8927a"},"description":"Nous avons voulu comprendre comment une entreprise priv\u00e9e et une collectivit\u00e9 publique adaptent leur communication pendant cette p\u00e9riode de confinement.","breadcrumb":{"@id":"https:\/\/www.video-school.fr\/index.php\/2020\/04\/20\/confinement-comment-une-entreprise-privee-et-une-collectivite-publique-adaptent-elles-leur-communication-feat-berger-levrault-et-leurometropole-de-strasbourg\/#breadcrumb"},"inLanguage":"fr-FR","potentialAction":[{"@type":"ReadAction","target":["https:\/\/www.video-school.fr\/index.php\/2020\/04\/20\/confinement-comment-une-entreprise-privee-et-une-collectivite-publique-adaptent-elles-leur-communication-feat-berger-levrault-et-leurometropole-de-strasbourg\/"]}]},{"@type":"BreadcrumbList","@id":"https:\/\/www.video-school.fr\/index.php\/2020\/04\/20\/confinement-comment-une-entreprise-privee-et-une-collectivite-publique-adaptent-elles-leur-communication-feat-berger-levrault-et-leurometropole-de-strasbourg\/#breadcrumb","itemListElement":[{"@type":"ListItem","position":1,"name":"Accueil","item":"https:\/\/www.video-school.fr\/"},{"@type":"ListItem","position":2,"name":"Confinement : Comment une entreprise priv\u00e9e et une collectivit\u00e9 publique adaptent-elles leur communication ? Feat Berger Levrault et l&rsquo;Eurom\u00e9tropole de Strasbourg"}]},{"@type":"Person","@id":"https:\/\/www.video-school.fr\/#\/schema\/person\/95a476ae68e2cc0da558861148a8927a","name":"Thomas Mongin","image":{"@type":"ImageObject","inLanguage":"fr-FR","@id":"https:\/\/www.video-school.fr\/#\/schema\/person\/image\/","url":"https:\/\/secure.gravatar.com\/avatar\/98ed55900d43b0beece8cb3636ceba5a?s=96&d=mm&r=g","contentUrl":"https:\/\/secure.gravatar.com\/avatar\/98ed55900d43b0beece8cb3636ceba5a?s=96&d=mm&r=g","caption":"Thomas Mongin"},"url":"https:\/\/www.video-school.fr\/index.php\/author\/tmongin\/"}]}},"_links":{"self":[{"href":"https:\/\/www.video-school.fr\/index.php\/wp-json\/wp\/v2\/posts\/636"}],"collection":[{"href":"https:\/\/www.video-school.fr\/index.php\/wp-json\/wp\/v2\/posts"}],"about":[{"href":"https:\/\/www.video-school.fr\/index.php\/wp-json\/wp\/v2\/types\/post"}],"author":[{"embeddable":true,"href":"https:\/\/www.video-school.fr\/index.php\/wp-json\/wp\/v2\/users\/2"}],"replies":[{"embeddable":true,"href":"https:\/\/www.video-school.fr\/index.php\/wp-json\/wp\/v2\/comments?post=636"}],"version-history":[{"count":1,"href":"https:\/\/www.video-school.fr\/index.php\/wp-json\/wp\/v2\/posts\/636\/revisions"}],"predecessor-version":[{"id":641,"href":"https:\/\/www.video-school.fr\/index.php\/wp-json\/wp\/v2\/posts\/636\/revisions\/641"}],"wp:featuredmedia":[{"embeddable":true,"href":"https:\/\/www.video-school.fr\/index.php\/wp-json\/wp\/v2\/media\/640"}],"wp:attachment":[{"href":"https:\/\/www.video-school.fr\/index.php\/wp-json\/wp\/v2\/media?parent=636"}],"wp:term":[{"taxonomy":"category","embeddable":true,"href":"https:\/\/www.video-school.fr\/index.php\/wp-json\/wp\/v2\/categories?post=636"},{"taxonomy":"post_tag","embeddable":true,"href":"https:\/\/www.video-school.fr\/index.php\/wp-json\/wp\/v2\/tags?post=636"}],"curies":[{"name":"wp","href":"https:\/\/api.w.org\/{rel}","templated":true}]}}