{"id":613,"date":"2020-04-02T12:08:03","date_gmt":"2020-04-02T10:08:03","guid":{"rendered":"https:\/\/www.video-school.fr\/?p=613"},"modified":"2020-04-02T14:14:29","modified_gmt":"2020-04-02T12:14:29","slug":"comment-gerer-la-crise-du-coronavirus-cote-communication","status":"publish","type":"post","link":"https:\/\/www.video-school.fr\/index.php\/2020\/04\/02\/comment-gerer-la-crise-du-coronavirus-cote-communication\/","title":{"rendered":"Comment g\u00e9rer la crise du Coronavirus c\u00f4t\u00e9 communication ?"},"content":{"rendered":"\n<p>En cette p\u00e9riode de confinement, chez <a href=\"https:\/\/www.viastoria.com\/\">Via Storia<\/a>, nous avons d\u00e9cid\u00e9 de <a href=\"https:\/\/www.video-school.fr\/index.php\/2020\/03\/23\/confinement-3-outils-pour-faire-du-live-et-garder-garder-un-lien-avec-votre-communaute\/\">garder le lien avec vous<\/a>.<\/p>\n\n\n\n<p>Pour cela, nous avons r\u00e9fl\u00e9chi \u00e0 un concept vid\u00e9o qui nous permette de continuer de parler communication : Le Cyber Caf\u00e9 est n\u00e9 ! <\/p>\n\n\n\n<h4>Le Cyber Caf\u00e9, c&rsquo;est quoi ? <\/h4>\n\n\n\n<p>Le Cyber Caf\u00e9 est une \u00e9mission hebdomadaire dans laquelle nous parlons communication \/ marketing \/ vid\u00e9o accompagn\u00e9s d&rsquo;un expert ! <\/p>\n\n\n\n<p>Pour cette premi\u00e8re \u00e9mission, nous avons l&rsquo;honneur de prendre un caf\u00e9 avec <a href=\"https:\/\/www.linkedin.com\/in\/thibautbernardin\/\">Thibaut Bernardin<\/a>, Consultant Marketing &amp; Digital chez <a href=\"https:\/\/www.cotad.com\/\">Cotad<\/a>.<\/p>\n\n\n\n<h4>La th\u00e9matique<\/h4>\n\n\n\n<p class=\"has-text-align-center\"><em>Comment g\u00e9rer la crise du Coronavirus c\u00f4t\u00e9 communication ?<\/em><\/p>\n\n\n\n<p>Retrouvez nos \u00e9changes en podcast :<\/p>\n\n\n\n<figure class=\"wp-block-audio\"><audio controls src=\"https:\/\/www.video-school.fr\/wp-content\/uploads\/2020\/04\/PODCAST-Cyber-Cafe\u0301-1-_-Comment-ge\u0301rer-la-crise-du-Coronavirus-co\u0302te\u0301-marketing-et-communication-_.mp3\"><\/audio><\/figure>\n\n\n\n<p>ou en vid\u00e9o : <\/p>\n\n\n\n<figure class=\"wp-block-embed-youtube wp-block-embed is-type-video is-provider-youtube wp-embed-aspect-16-9 wp-has-aspect-ratio\"><div class=\"wp-block-embed__wrapper\">\n<div class='embed-container'><iframe loading=\"lazy\" title=\"Cyber Cafe\u0301 #1   Comment ge\u0301rer la crise du Coronavirus co\u0302te\u0301 communication. Feat Thibaut Bernardin\" width=\"1920\" height=\"1080\" src=\"https:\/\/www.youtube.com\/embed\/xFYP9VecZL8?feature=oembed\" frameborder=\"0\" allow=\"accelerometer; autoplay; encrypted-media; gyroscope; picture-in-picture\" allowfullscreen><\/iframe><\/div>\n<\/div><\/figure>\n\n\n\n<p>Bonne \u00e9coute \/ bon visionnage et \u00e0 bient\u00f4t pour prendre un caf\u00e9 avec vous !<\/p>\n","protected":false},"excerpt":{"rendered":"<p>En cette p\u00e9riode de confinement, chez Via Storia, nous avons d\u00e9cid\u00e9 de garder le lien avec vous. Pour cela, nous avons r\u00e9fl\u00e9chi \u00e0 un concept vid\u00e9o qui nous permette de continuer de parler communication : Le Cyber Caf\u00e9 est n\u00e9 ! Le Cyber Caf\u00e9, c&rsquo;est quoi ? Le Cyber Caf\u00e9 est une \u00e9mission hebdomadaire dans&hellip; <br \/> <a class=\"read-more\" href=\"https:\/\/www.video-school.fr\/index.php\/2020\/04\/02\/comment-gerer-la-crise-du-coronavirus-cote-communication\/\">Lire la suite<\/a><\/p>\n","protected":false},"author":2,"featured_media":617,"comment_status":"open","ping_status":"open","sticky":false,"template":"","format":"standard","meta":{"_monsterinsights_skip_tracking":false,"_monsterinsights_sitenote_active":false,"_monsterinsights_sitenote_note":"","_monsterinsights_sitenote_category":0},"categories":[3],"tags":[],"yoast_head":"<!-- This site is optimized with the Yoast SEO plugin v18.8 - https:\/\/yoast.com\/wordpress\/plugins\/seo\/ -->\n<title>Comment g\u00e9rer la crise du Coronavirus c\u00f4t\u00e9 communication ?<\/title>\n<meta name=\"description\" content=\"Comment g\u00e9rer la crise du Coronavirus c\u00f4t\u00e9 communication ? Thibaut Bernardin va partager avec nous ses conseils et bonnes pratiques.\" \/>\n<meta name=\"robots\" content=\"index, follow, max-snippet:-1, max-image-preview:large, max-video-preview:-1\" \/>\n<link rel=\"canonical\" href=\"https:\/\/www.video-school.fr\/index.php\/2020\/04\/02\/comment-gerer-la-crise-du-coronavirus-cote-communication\/\" \/>\n<meta property=\"og:locale\" content=\"fr_FR\" \/>\n<meta property=\"og:type\" content=\"article\" \/>\n<meta property=\"og:title\" content=\"Comment g\u00e9rer la crise du Coronavirus c\u00f4t\u00e9 communication ?\" \/>\n<meta property=\"og:description\" content=\"Comment g\u00e9rer la crise du Coronavirus c\u00f4t\u00e9 communication ? Thibaut Bernardin va partager avec nous ses conseils et bonnes pratiques.\" \/>\n<meta property=\"og:url\" content=\"https:\/\/www.video-school.fr\/index.php\/2020\/04\/02\/comment-gerer-la-crise-du-coronavirus-cote-communication\/\" \/>\n<meta property=\"og:site_name\" content=\"Vid\u00e9o School\" \/>\n<meta property=\"article:published_time\" content=\"2020-04-02T10:08:03+00:00\" \/>\n<meta property=\"article:modified_time\" content=\"2020-04-02T12:14:29+00:00\" \/>\n<meta property=\"og:image\" content=\"https:\/\/www.video-school.fr\/wp-content\/uploads\/2020\/04\/Annonce-Thibaut.png\" \/>\n\t<meta property=\"og:image:width\" content=\"3508\" \/>\n\t<meta property=\"og:image:height\" content=\"1569\" \/>\n\t<meta property=\"og:image:type\" content=\"image\/png\" \/>\n<meta name=\"twitter:card\" content=\"summary_large_image\" \/>\n<meta name=\"twitter:label1\" content=\"\u00c9crit par\" \/>\n\t<meta name=\"twitter:data1\" content=\"Thomas Mongin\" \/>\n\t<meta name=\"twitter:label2\" content=\"Dur\u00e9e de lecture estim\u00e9e\" \/>\n\t<meta name=\"twitter:data2\" content=\"1 minute\" \/>\n<script type=\"application\/ld+json\" class=\"yoast-schema-graph\">{\"@context\":\"https:\/\/schema.org\",\"@graph\":[{\"@type\":\"WebSite\",\"@id\":\"https:\/\/www.video-school.fr\/#website\",\"url\":\"https:\/\/www.video-school.fr\/\",\"name\":\"Vid\u00e9o School\",\"description\":\"Vid\u00e9o School R\u00e9alisez des vid\u00e9os de qualit\u00e9 professionnelle en totale autonomie ! Formation agr\u00e9\u00e9e pour les entreprises avec CCI CAMPUS Alsace\",\"potentialAction\":[{\"@type\":\"SearchAction\",\"target\":{\"@type\":\"EntryPoint\",\"urlTemplate\":\"https:\/\/www.video-school.fr\/?s={search_term_string}\"},\"query-input\":\"required name=search_term_string\"}],\"inLanguage\":\"fr-FR\"},{\"@type\":\"ImageObject\",\"inLanguage\":\"fr-FR\",\"@id\":\"https:\/\/www.video-school.fr\/index.php\/2020\/04\/02\/comment-gerer-la-crise-du-coronavirus-cote-communication\/#primaryimage\",\"url\":\"https:\/\/www.video-school.fr\/wp-content\/uploads\/2020\/04\/Annonce-Thibaut.png\",\"contentUrl\":\"https:\/\/www.video-school.fr\/wp-content\/uploads\/2020\/04\/Annonce-Thibaut.png\",\"width\":3508,\"height\":1569},{\"@type\":\"WebPage\",\"@id\":\"https:\/\/www.video-school.fr\/index.php\/2020\/04\/02\/comment-gerer-la-crise-du-coronavirus-cote-communication\/#webpage\",\"url\":\"https:\/\/www.video-school.fr\/index.php\/2020\/04\/02\/comment-gerer-la-crise-du-coronavirus-cote-communication\/\",\"name\":\"Comment g\u00e9rer la crise du Coronavirus c\u00f4t\u00e9 communication ?\",\"isPartOf\":{\"@id\":\"https:\/\/www.video-school.fr\/#website\"},\"primaryImageOfPage\":{\"@id\":\"https:\/\/www.video-school.fr\/index.php\/2020\/04\/02\/comment-gerer-la-crise-du-coronavirus-cote-communication\/#primaryimage\"},\"datePublished\":\"2020-04-02T10:08:03+00:00\",\"dateModified\":\"2020-04-02T12:14:29+00:00\",\"author\":{\"@id\":\"https:\/\/www.video-school.fr\/#\/schema\/person\/95a476ae68e2cc0da558861148a8927a\"},\"description\":\"Comment g\u00e9rer la crise du Coronavirus c\u00f4t\u00e9 communication ? Thibaut Bernardin va partager avec nous ses conseils et bonnes pratiques.\",\"breadcrumb\":{\"@id\":\"https:\/\/www.video-school.fr\/index.php\/2020\/04\/02\/comment-gerer-la-crise-du-coronavirus-cote-communication\/#breadcrumb\"},\"inLanguage\":\"fr-FR\",\"potentialAction\":[{\"@type\":\"ReadAction\",\"target\":[\"https:\/\/www.video-school.fr\/index.php\/2020\/04\/02\/comment-gerer-la-crise-du-coronavirus-cote-communication\/\"]}]},{\"@type\":\"BreadcrumbList\",\"@id\":\"https:\/\/www.video-school.fr\/index.php\/2020\/04\/02\/comment-gerer-la-crise-du-coronavirus-cote-communication\/#breadcrumb\",\"itemListElement\":[{\"@type\":\"ListItem\",\"position\":1,\"name\":\"Accueil\",\"item\":\"https:\/\/www.video-school.fr\/\"},{\"@type\":\"ListItem\",\"position\":2,\"name\":\"Comment g\u00e9rer la crise du Coronavirus c\u00f4t\u00e9 communication ?\"}]},{\"@type\":\"Person\",\"@id\":\"https:\/\/www.video-school.fr\/#\/schema\/person\/95a476ae68e2cc0da558861148a8927a\",\"name\":\"Thomas Mongin\",\"image\":{\"@type\":\"ImageObject\",\"inLanguage\":\"fr-FR\",\"@id\":\"https:\/\/www.video-school.fr\/#\/schema\/person\/image\/\",\"url\":\"https:\/\/secure.gravatar.com\/avatar\/98ed55900d43b0beece8cb3636ceba5a?s=96&d=mm&r=g\",\"contentUrl\":\"https:\/\/secure.gravatar.com\/avatar\/98ed55900d43b0beece8cb3636ceba5a?s=96&d=mm&r=g\",\"caption\":\"Thomas Mongin\"},\"url\":\"https:\/\/www.video-school.fr\/index.php\/author\/tmongin\/\"}]}<\/script>\n<!-- \/ Yoast SEO plugin. -->","yoast_head_json":{"title":"Comment g\u00e9rer la crise du Coronavirus c\u00f4t\u00e9 communication ?","description":"Comment g\u00e9rer la crise du Coronavirus c\u00f4t\u00e9 communication ? Thibaut Bernardin va partager avec nous ses conseils et bonnes pratiques.","robots":{"index":"index","follow":"follow","max-snippet":"max-snippet:-1","max-image-preview":"max-image-preview:large","max-video-preview":"max-video-preview:-1"},"canonical":"https:\/\/www.video-school.fr\/index.php\/2020\/04\/02\/comment-gerer-la-crise-du-coronavirus-cote-communication\/","og_locale":"fr_FR","og_type":"article","og_title":"Comment g\u00e9rer la crise du Coronavirus c\u00f4t\u00e9 communication ?","og_description":"Comment g\u00e9rer la crise du Coronavirus c\u00f4t\u00e9 communication ? Thibaut Bernardin va partager avec nous ses conseils et bonnes pratiques.","og_url":"https:\/\/www.video-school.fr\/index.php\/2020\/04\/02\/comment-gerer-la-crise-du-coronavirus-cote-communication\/","og_site_name":"Vid\u00e9o School","article_published_time":"2020-04-02T10:08:03+00:00","article_modified_time":"2020-04-02T12:14:29+00:00","og_image":[{"width":3508,"height":1569,"url":"https:\/\/www.video-school.fr\/wp-content\/uploads\/2020\/04\/Annonce-Thibaut.png","type":"image\/png"}],"twitter_card":"summary_large_image","twitter_misc":{"\u00c9crit par":"Thomas Mongin","Dur\u00e9e de lecture estim\u00e9e":"1 minute"},"schema":{"@context":"https:\/\/schema.org","@graph":[{"@type":"WebSite","@id":"https:\/\/www.video-school.fr\/#website","url":"https:\/\/www.video-school.fr\/","name":"Vid\u00e9o School","description":"Vid\u00e9o School R\u00e9alisez des vid\u00e9os de qualit\u00e9 professionnelle en totale autonomie ! Formation agr\u00e9\u00e9e pour les entreprises avec CCI CAMPUS Alsace","potentialAction":[{"@type":"SearchAction","target":{"@type":"EntryPoint","urlTemplate":"https:\/\/www.video-school.fr\/?s={search_term_string}"},"query-input":"required name=search_term_string"}],"inLanguage":"fr-FR"},{"@type":"ImageObject","inLanguage":"fr-FR","@id":"https:\/\/www.video-school.fr\/index.php\/2020\/04\/02\/comment-gerer-la-crise-du-coronavirus-cote-communication\/#primaryimage","url":"https:\/\/www.video-school.fr\/wp-content\/uploads\/2020\/04\/Annonce-Thibaut.png","contentUrl":"https:\/\/www.video-school.fr\/wp-content\/uploads\/2020\/04\/Annonce-Thibaut.png","width":3508,"height":1569},{"@type":"WebPage","@id":"https:\/\/www.video-school.fr\/index.php\/2020\/04\/02\/comment-gerer-la-crise-du-coronavirus-cote-communication\/#webpage","url":"https:\/\/www.video-school.fr\/index.php\/2020\/04\/02\/comment-gerer-la-crise-du-coronavirus-cote-communication\/","name":"Comment g\u00e9rer la crise du Coronavirus c\u00f4t\u00e9 communication ?","isPartOf":{"@id":"https:\/\/www.video-school.fr\/#website"},"primaryImageOfPage":{"@id":"https:\/\/www.video-school.fr\/index.php\/2020\/04\/02\/comment-gerer-la-crise-du-coronavirus-cote-communication\/#primaryimage"},"datePublished":"2020-04-02T10:08:03+00:00","dateModified":"2020-04-02T12:14:29+00:00","author":{"@id":"https:\/\/www.video-school.fr\/#\/schema\/person\/95a476ae68e2cc0da558861148a8927a"},"description":"Comment g\u00e9rer la crise du Coronavirus c\u00f4t\u00e9 communication ? Thibaut Bernardin va partager avec nous ses conseils et bonnes pratiques.","breadcrumb":{"@id":"https:\/\/www.video-school.fr\/index.php\/2020\/04\/02\/comment-gerer-la-crise-du-coronavirus-cote-communication\/#breadcrumb"},"inLanguage":"fr-FR","potentialAction":[{"@type":"ReadAction","target":["https:\/\/www.video-school.fr\/index.php\/2020\/04\/02\/comment-gerer-la-crise-du-coronavirus-cote-communication\/"]}]},{"@type":"BreadcrumbList","@id":"https:\/\/www.video-school.fr\/index.php\/2020\/04\/02\/comment-gerer-la-crise-du-coronavirus-cote-communication\/#breadcrumb","itemListElement":[{"@type":"ListItem","position":1,"name":"Accueil","item":"https:\/\/www.video-school.fr\/"},{"@type":"ListItem","position":2,"name":"Comment g\u00e9rer la crise du Coronavirus c\u00f4t\u00e9 communication ?"}]},{"@type":"Person","@id":"https:\/\/www.video-school.fr\/#\/schema\/person\/95a476ae68e2cc0da558861148a8927a","name":"Thomas Mongin","image":{"@type":"ImageObject","inLanguage":"fr-FR","@id":"https:\/\/www.video-school.fr\/#\/schema\/person\/image\/","url":"https:\/\/secure.gravatar.com\/avatar\/98ed55900d43b0beece8cb3636ceba5a?s=96&d=mm&r=g","contentUrl":"https:\/\/secure.gravatar.com\/avatar\/98ed55900d43b0beece8cb3636ceba5a?s=96&d=mm&r=g","caption":"Thomas Mongin"},"url":"https:\/\/www.video-school.fr\/index.php\/author\/tmongin\/"}]}},"_links":{"self":[{"href":"https:\/\/www.video-school.fr\/index.php\/wp-json\/wp\/v2\/posts\/613"}],"collection":[{"href":"https:\/\/www.video-school.fr\/index.php\/wp-json\/wp\/v2\/posts"}],"about":[{"href":"https:\/\/www.video-school.fr\/index.php\/wp-json\/wp\/v2\/types\/post"}],"author":[{"embeddable":true,"href":"https:\/\/www.video-school.fr\/index.php\/wp-json\/wp\/v2\/users\/2"}],"replies":[{"embeddable":true,"href":"https:\/\/www.video-school.fr\/index.php\/wp-json\/wp\/v2\/comments?post=613"}],"version-history":[{"count":3,"href":"https:\/\/www.video-school.fr\/index.php\/wp-json\/wp\/v2\/posts\/613\/revisions"}],"predecessor-version":[{"id":620,"href":"https:\/\/www.video-school.fr\/index.php\/wp-json\/wp\/v2\/posts\/613\/revisions\/620"}],"wp:featuredmedia":[{"embeddable":true,"href":"https:\/\/www.video-school.fr\/index.php\/wp-json\/wp\/v2\/media\/617"}],"wp:attachment":[{"href":"https:\/\/www.video-school.fr\/index.php\/wp-json\/wp\/v2\/media?parent=613"}],"wp:term":[{"taxonomy":"category","embeddable":true,"href":"https:\/\/www.video-school.fr\/index.php\/wp-json\/wp\/v2\/categories?post=613"},{"taxonomy":"post_tag","embeddable":true,"href":"https:\/\/www.video-school.fr\/index.php\/wp-json\/wp\/v2\/tags?post=613"}],"curies":[{"name":"wp","href":"https:\/\/api.w.org\/{rel}","templated":true}]}}